{"id":1962,"date":"2024-08-28T10:01:46","date_gmt":"2024-08-28T10:01:46","guid":{"rendered":"https:\/\/backlightmfg.com\/?p=1962"},"modified":"2024-08-28T10:16:47","modified_gmt":"2024-08-28T10:16:47","slug":"optical-light-in-communication-and-technology","status":"publish","type":"post","link":"https:\/\/backlightmfg.com\/hu\/optical-light-in-communication-and-technology\/","title":{"rendered":"Az optikai f\u00e9ny szerepe a kommunik\u00e1ci\u00f3ban \u00e9s a technol\u00f3gi\u00e1ban"},"content":{"rendered":"<div id=\"ez-toc-container\" class=\"ez-toc-v2_0_82_2 counter-hierarchy ez-toc-counter ez-toc-grey ez-toc-container-direction\">\n<div class=\"ez-toc-title-container\">\n<p class=\"ez-toc-title\" style=\"cursor:inherit\">Tartalomjegyz\u00e9k<\/p>\n<span class=\"ez-toc-title-toggle\"><a href=\"#\" class=\"ez-toc-pull-right ez-toc-btn ez-toc-btn-xs ez-toc-btn-default ez-toc-toggle\" aria-label=\"Toggle Tartalomjegyz\u00e9k\"><span class=\"ez-toc-js-icon-con\"><span class=\"\"><span class=\"eztoc-hide\" style=\"display:none;\">Toggle<\/span><span class=\"ez-toc-icon-toggle-span\"><svg style=\"fill: #999;color:#999\" xmlns=\"http:\/\/www.w3.org\/2000\/svg\" class=\"list-377408\" width=\"20px\" height=\"20px\" viewbox=\"0 0 24 24\" fill=\"none\"><path d=\"M6 6H4v2h2V6zm14 0H8v2h12V6zM4 11h2v2H4v-2zm16 0H8v2h12v-2zM4 16h2v2H4v-2zm16 0H8v2h12v-2z\" fill=\"currentColor\"><\/path><\/svg><svg style=\"fill: #999;color:#999\" class=\"arrow-unsorted-368013\" xmlns=\"http:\/\/www.w3.org\/2000\/svg\" width=\"10px\" height=\"10px\" viewbox=\"0 0 24 24\" version=\"1.2\" baseprofile=\"tiny\"><path d=\"M18.2 9.3l-6.2-6.3-6.2 6.3c-.2.2-.3.4-.3.7s.1.5.3.7c.2.2.4.3.7.3h11c.3 0 .5-.1.7-.3.2-.2.3-.5.3-.7s-.1-.5-.3-.7zM5.8 14.7l6.2 6.3 6.2-6.3c.2-.2.3-.5.3-.7s-.1-.5-.3-.7c-.2-.2-.4-.3-.7-.3h-11c-.3 0-.5.1-.7.3-.2.2-.3.5-.3.7s.1.5.3.7z\"\/><\/svg><\/span><\/span><\/span><\/a><\/span><\/div>\n<nav><ul class='ez-toc-list ez-toc-list-level-1' ><li class='ez-toc-page-1 ez-toc-heading-level-2'><a class=\"ez-toc-link ez-toc-heading-1\" href=\"https:\/\/backlightmfg.com\/hu\/optical-light-in-communication-and-technology\/#Introduction_of_Optical_Light\" >Az optikai f\u00e9ny bevezet\u00e9se<\/a><\/li><li class='ez-toc-page-1 ez-toc-heading-level-2'><a class=\"ez-toc-link ez-toc-heading-2\" href=\"https:\/\/backlightmfg.com\/hu\/optical-light-in-communication-and-technology\/#The_Advent_of_Optical_Light_in_Communication\" >Az optikai f\u00e9ny megjelen\u00e9se a kommunik\u00e1ci\u00f3ban<\/a><\/li><li class='ez-toc-page-1 ez-toc-heading-level-2'><a class=\"ez-toc-link ez-toc-heading-3\" href=\"https:\/\/backlightmfg.com\/hu\/optical-light-in-communication-and-technology\/#Applications_of_Optical_Light_in_Technology\" >Az optikai f\u00e9ny alkalmaz\u00e1sai a technol\u00f3gi\u00e1ban<\/a><\/li><li class='ez-toc-page-1 ez-toc-heading-level-2'><a class=\"ez-toc-link ez-toc-heading-4\" href=\"https:\/\/backlightmfg.com\/hu\/optical-light-in-communication-and-technology\/#Ongoing_Research_and_Future_Potential\" >Folyamatban l\u00e9v\u0151 kutat\u00e1sok \u00e9s j\u00f6v\u0151beli lehet\u0151s\u00e9gek<\/a><\/li><li class='ez-toc-page-1 ez-toc-heading-level-2'><a class=\"ez-toc-link ez-toc-heading-5\" href=\"https:\/\/backlightmfg.com\/hu\/optical-light-in-communication-and-technology\/#Conclusion_of_Optical_Light\" >Az optikai f\u00e9ny k\u00f6vetkeztet\u00e9se<\/a><\/li><li class='ez-toc-page-1 ez-toc-heading-level-2'><a class=\"ez-toc-link ez-toc-heading-6\" href=\"https:\/\/backlightmfg.com\/hu\/optical-light-in-communication-and-technology\/#Summary_FAQ_on_the_Role_of_Optical_Light_in_Communication_and_Technology\" >\u00d6sszefoglal\u00f3 GYIK az optikai f\u00e9ny szerep\u00e9r\u0151l a kommunik\u00e1ci\u00f3ban \u00e9s a technol\u00f3gi\u00e1ban<\/a><\/li><\/ul><\/nav><\/div>\n<h2><span class=\"ez-toc-section\" id=\"Introduction_of_Optical_Light\"><\/span><strong><b>Bevezet\u00e9s a <a href=\"https:\/\/backlightmfg.com\/hu\/fiber-optic-backlighting\/\">Optikai f\u00e9ny<\/a><\/b><\/strong><span class=\"ez-toc-section-end\"><\/span><\/h2>\n<p>Az optikai f\u00e9ny a kommunik\u00e1ci\u00f3 \u00e9s a technol\u00f3gia egyik sarokk\u00f6v\u00e9v\u00e9 v\u00e1lt, sz\u00e1mos alkalmaz\u00e1sban az innov\u00e1ci\u00f3 \u00e9s a hat\u00e9konys\u00e1g motorja. Az optikai f\u00e9ny hat\u00e1sa az adatok gyors, vil\u00e1gm\u00e9ret\u0171 tov\u00e1bb\u00edt\u00e1s\u00e1t\u00f3l kezdve az orvosi elj\u00e1r\u00e1sok \u00e9s gy\u00e1rt\u00e1si folyamatok forradalmas\u00edt\u00e1s\u00e1ig m\u00e9lyrehat\u00f3. Ez a cikk az optikai f\u00e9nynek a modern technol\u00f3gi\u00e1ban bet\u00f6lt\u00f6tt kritikus szerep\u00e9t, k\u00fcl\u00f6nb\u00f6z\u0151 alkalmaz\u00e1sait \u00e9s a folyamatban l\u00e9v\u0151 kutat\u00e1sok \u00e1ltal felszabad\u00edtott j\u00f6v\u0151beli lehet\u0151s\u00e9geket vizsg\u00e1lja.<\/p>\n\t<div class=\"img has-hover x md-x lg-x y md-y lg-y\" id=\"image_1403331420\">\n\t\t<a class=\"\" href=\"https:\/\/backlightmfg.com\/hu\/fiber-optic-backlighting\/\" >\t\t\t\t\t\t<div class=\"img-inner dark\" >\n\t\t\t<img loading=\"lazy\" decoding=\"async\" width=\"1020\" height=\"680\" src=\"https:\/\/backlightmfg.com\/wp-content\/uploads\/2024\/08\/optical-light.webp\" class=\"attachment-large size-large\" alt=\"optikai f\u00e9ny\" srcset=\"https:\/\/backlightmfg.com\/wp-content\/uploads\/2024\/08\/optical-light.webp 1024w, https:\/\/backlightmfg.com\/wp-content\/uploads\/2024\/08\/optical-light-300x200.webp 300w, https:\/\/backlightmfg.com\/wp-content\/uploads\/2024\/08\/optical-light-768x512.webp 768w, https:\/\/backlightmfg.com\/wp-content\/uploads\/2024\/08\/optical-light-18x12.webp 18w, https:\/\/backlightmfg.com\/wp-content\/uploads\/2024\/08\/optical-light-510x340.webp 510w\" sizes=\"(max-width: 1020px) 100vw, 1020px\" \/>\t\t\t\t\t\t\n\t\t\t\t\t<\/div>\n\t\t\t\t\t\t<\/a>\t\t\n<style>\n#image_1403331420 {\n  width: 100%;\n}\n<\/style>\n\t<\/div>\n\t\n\t<div id=\"gap-823830635\" class=\"gap-element clearfix\" style=\"display:block; height:auto;\">\n\t\t\n<style>\n#gap-823830635 {\n  padding-top: 30px;\n}\n<\/style>\n\t<\/div>\n\t\n<h2><span class=\"ez-toc-section\" id=\"The_Advent_of_Optical_Light_in_Communication\"><\/span><strong><b>Az optikai f\u00e9ny megjelen\u00e9se a kommunik\u00e1ci\u00f3ban<\/b><\/strong><span class=\"ez-toc-section-end\"><\/span><\/h2>\n<p><strong>Az adat\u00e1tvitel forradalmas\u00edt\u00e1sa<\/strong>\u00a0Az optikai f\u00e9ny \u00e1talak\u00edtotta a kommunik\u00e1ci\u00f3t, mivel lehet\u0151v\u00e9 tette az inform\u00e1ci\u00f3 gyors \u00e1tvitel\u00e9t nagy t\u00e1vols\u00e1gokon kereszt\u00fcl. A f\u00e9ny tulajdons\u00e1gait kihaszn\u00e1l\u00f3 optikai k\u00e1belek nagy kapacit\u00e1s\u00fa, olcs\u00f3 \u00e9s biztons\u00e1gos kommunik\u00e1ci\u00f3s h\u00e1l\u00f3zatot hoztak l\u00e9tre. Ez az innov\u00e1ci\u00f3 kulcsfontoss\u00e1g\u00fa szerepet j\u00e1tszott az internet fejl\u0151d\u00e9s\u00e9ben, mivel gyors \u00e9s hat\u00e9kony adat\u00e1tvitelt tett lehet\u0151v\u00e9, ami viszont a digit\u00e1lis kommunik\u00e1ci\u00f3 \u00e9s az e-kereskedelem n\u00f6veked\u00e9s\u00e9t is el\u0151seg\u00edtette.<\/p>\n\t<div class=\"img has-hover x md-x lg-x y md-y lg-y\" id=\"image_191915127\">\n\t\t\t\t\t\t\t\t<div class=\"img-inner dark\" >\n\t\t\t<img loading=\"lazy\" decoding=\"async\" width=\"530\" height=\"354\" src=\"https:\/\/backlightmfg.com\/wp-content\/uploads\/2024\/08\/optical-light.jpg\" class=\"attachment-large size-large\" alt=\"optikai f\u00e9ny\" srcset=\"https:\/\/backlightmfg.com\/wp-content\/uploads\/2024\/08\/optical-light.jpg 530w, https:\/\/backlightmfg.com\/wp-content\/uploads\/2024\/08\/optical-light-300x200.jpg 300w, https:\/\/backlightmfg.com\/wp-content\/uploads\/2024\/08\/optical-light-18x12.jpg 18w, https:\/\/backlightmfg.com\/wp-content\/uploads\/2024\/08\/optical-light-510x341.jpg 510w\" sizes=\"(max-width: 530px) 100vw, 530px\" \/>\t\t\t\t\t\t\n\t\t\t\t\t<\/div>\n\t\t\t\t\t\t\t\t\n<style>\n#image_191915127 {\n  width: 100%;\n}\n<\/style>\n\t<\/div>\n\t\n<h2><span class=\"ez-toc-section\" id=\"Applications_of_Optical_Light_in_Technology\"><\/span><strong><b>Az optikai f\u00e9ny alkalmaz\u00e1sai a technol\u00f3gi\u00e1ban<\/b><\/strong><span class=\"ez-toc-section-end\"><\/span><\/h2>\n<p><strong>Orvosi fejleszt\u00e9sek<\/strong><\/p>\n<p>A kommunik\u00e1ci\u00f3n t\u00fal az optikai f\u00e9ny jelent\u0151s el\u0151rel\u00e9p\u00e9seket tett k\u00fcl\u00f6nb\u00f6z\u0151 technol\u00f3giai \u00e1gazatokban. Az orvostudom\u00e1nyban olyan diagnosztikai k\u00e9palkot\u00f3 elj\u00e1r\u00e1sokban haszn\u00e1lj\u00e1k, mint az endoszk\u00f3pia \u00e9s a fluoroszk\u00f3pia, lehet\u0151v\u00e9 t\u00e9ve az orvosok sz\u00e1m\u00e1ra, hogy a test bels\u0151 strukt\u00far\u00e1it pontosan l\u00e1that\u00f3v\u00e1 tegy\u00e9k. Emellett a nagy intenzit\u00e1s\u00fa f\u00e9nysugarakat haszn\u00e1l\u00f3 l\u00e9zeres seb\u00e9szet fokozta a seb\u00e9szeti pontoss\u00e1got \u00e9s cs\u00f6kkentette a sz\u00f6vetk\u00e1rosod\u00e1st, jav\u00edtva a betegek eredm\u00e9nyeit.<\/p>\n<p><strong>A gy\u00e1rt\u00e1sra gyakorolt hat\u00e1s<\/strong><\/p>\n<p>A feldolgoz\u00f3ipar is \u00e9lvezte az optikai f\u00e9nytechnol\u00f3gia el\u0151nyeit. Az olyan technik\u00e1k, mint a l\u00e9zerv\u00e1g\u00e1s \u00e9s a hegeszt\u00e9s, f\u00f3kusz\u00e1lt f\u00e9nysugarakat haszn\u00e1lnak a pontos anyagv\u00e1g\u00e1sok vagy illeszt\u00e9sek el\u00e9r\u00e9s\u00e9hez, jav\u00edtva a pontoss\u00e1got, cs\u00f6kkentve a k\u00f6lts\u00e9geket \u00e9s jav\u00edtva a term\u00e9kmin\u0151s\u00e9get. Az optikai f\u00e9ny a min\u0151s\u00e9gellen\u0151rz\u00e9sben is kulcsfontoss\u00e1g\u00fa, ahol az ellen\u0151rz\u00e9si \u00e9s m\u00e9r\u00e9si folyamatokban alkalmazz\u00e1k a szabv\u00e1nyok szigor\u00fa betart\u00e1s\u00e1nak biztos\u00edt\u00e1sa \u00e9rdek\u00e9ben.<\/p>\n\t<div class=\"img has-hover x md-x lg-x y md-y lg-y\" id=\"image_492861854\">\n\t\t<a class=\"\" href=\"https:\/\/backlightmfg.com\/hu\/fiber-optic-backlighting\/\" >\t\t\t\t\t\t<div class=\"img-inner dark\" >\n\t\t\t<img loading=\"lazy\" decoding=\"async\" width=\"1020\" height=\"399\" src=\"https:\/\/backlightmfg.com\/wp-content\/uploads\/2024\/08\/optical-light-1-1024x401.jpg\" class=\"attachment-large size-large\" alt=\"optikai f\u00e9ny\" srcset=\"https:\/\/backlightmfg.com\/wp-content\/uploads\/2024\/08\/optical-light-1-1024x401.jpg 1024w, https:\/\/backlightmfg.com\/wp-content\/uploads\/2024\/08\/optical-light-1-300x118.jpg 300w, https:\/\/backlightmfg.com\/wp-content\/uploads\/2024\/08\/optical-light-1-768x301.jpg 768w, https:\/\/backlightmfg.com\/wp-content\/uploads\/2024\/08\/optical-light-1-18x7.jpg 18w, https:\/\/backlightmfg.com\/wp-content\/uploads\/2024\/08\/optical-light-1-510x200.jpg 510w, https:\/\/backlightmfg.com\/wp-content\/uploads\/2024\/08\/optical-light-1.jpg 1200w\" sizes=\"(max-width: 1020px) 100vw, 1020px\" \/>\t\t\t\t\t\t\n\t\t\t\t\t<\/div>\n\t\t\t\t\t\t<\/a>\t\t\n<style>\n#image_492861854 {\n  width: 100%;\n}\n<\/style>\n\t<\/div>\n\t\n\t<div id=\"gap-1326149539\" class=\"gap-element clearfix\" style=\"display:block; height:auto;\">\n\t\t\n<style>\n#gap-1326149539 {\n  padding-top: 30px;\n}\n<\/style>\n\t<\/div>\n\t\n<h2><span class=\"ez-toc-section\" id=\"Ongoing_Research_and_Future_Potential\"><\/span><strong><b>Folyamatban l\u00e9v\u0151 kutat\u00e1sok \u00e9s j\u00f6v\u0151beli lehet\u0151s\u00e9gek<\/b><\/strong><span class=\"ez-toc-section-end\"><\/span><\/h2>\n<p>A jelenlegi alkalmaz\u00e1sok ellen\u00e9re az optikai f\u00e9ny kutat\u00e1sai tov\u00e1bbra is \u00faj lehet\u0151s\u00e9geket t\u00e1rnak fel. Az egyik kiemelt ter\u00fclet a kvantumsz\u00e1m\u00edt\u00e1stechnika, ahol az optikai f\u00e9nyt a kvantummechanika felhaszn\u00e1l\u00e1s\u00e1val komplex sz\u00e1m\u00edt\u00e1sok elv\u00e9gz\u00e9s\u00e9re lehetne felhaszn\u00e1lni soha nem l\u00e1tott sebess\u00e9ggel. Az ezen a ter\u00fcleten el\u00e9rt siker forradalmas\u00edthatja a sz\u00e1m\u00edt\u00e1stechnik\u00e1t, \u00e9s jelent\u0151s \u00e1tt\u00f6r\u00e9st hozhat olyan ter\u00fcleteken, mint a mesters\u00e9ges intelligencia \u00e9s az adatelemz\u00e9s.<\/p>\n<p>\u00a0<\/p>\n<h2><span class=\"ez-toc-section\" id=\"Conclusion_of_Optical_Light\"><\/span><strong><b>K\u00f6vetkeztet\u00e9s <a href=\"https:\/\/backlightmfg.com\/hu\/product\/\">Optikai f\u00e9ny<\/a><\/b><\/strong><span class=\"ez-toc-section-end\"><\/span><\/h2>\n<p>Az optikai f\u00e9ny alapvet\u0151 fontoss\u00e1g\u00fa a kommunik\u00e1ci\u00f3 \u00e9s a technol\u00f3gia fejl\u0151d\u00e9s\u00e9nek el\u0151mozd\u00edt\u00e1s\u00e1ban, az adat\u00e1tvitelt\u0151l az orvosi elj\u00e1r\u00e1sokon \u00e1t a gy\u00e1rt\u00e1sig terjed\u0151 alkalmaz\u00e1sokban. A benne rejl\u0151 lehet\u0151s\u00e9gek folyamatos kutat\u00e1sa, k\u00fcl\u00f6n\u00f6sen a kvantumsz\u00e1m\u00edt\u00e1stechnik\u00e1ban, hangs\u00falyozza az e ter\u00fcletre ir\u00e1nyul\u00f3 folyamatos beruh\u00e1z\u00e1sok fontoss\u00e1g\u00e1t. Az optikai f\u00e9nytechnol\u00f3gia k\u00e9pess\u00e9geinek teljes k\u00f6r\u0171 kiakn\u00e1z\u00e1s\u00e1val a t\u00e1rsadalom a k\u00fcl\u00f6nb\u00f6z\u0151 ipar\u00e1gakban gyorsabb, hat\u00e9konyabb \u00e9s biztons\u00e1gosabb rendszerek el\u0151nyeit \u00e9lvezheti.<\/p>\n<p>\u00a0<\/p>\n<h2><span class=\"ez-toc-section\" id=\"Summary_FAQ_on_the_Role_of_Optical_Light_in_Communication_and_Technology\"><\/span><strong><b>\u00d6sszefoglal\u00f3 GYIK az optikai f\u00e9ny szerep\u00e9r\u0151l a kommunik\u00e1ci\u00f3ban \u00e9s a technol\u00f3gi\u00e1ban<\/b><\/strong><span class=\"ez-toc-section-end\"><\/span><\/h2>\n<p>\u00a0<\/p>\n<p><strong>1. k\u00e9rd\u00e9s: Mi a szerepe az optikai f\u00e9nynek a kommunik\u00e1ci\u00f3ban?<\/strong><\/p>\n<ul>\n<li>Az optikai f\u00e9nyt optikai k\u00e1belekben haszn\u00e1lj\u00e1k az adatok gyors \u00e9s biztons\u00e1gos, nagy t\u00e1vols\u00e1gokra t\u00f6rt\u00e9n\u0151 tov\u00e1bb\u00edt\u00e1s\u00e1ra, ami d\u00f6nt\u0151 szerepet j\u00e1tszik az internet \u00e9s a digit\u00e1lis kommunik\u00e1ci\u00f3 fejl\u0151d\u00e9s\u00e9ben.<\/li>\n<\/ul>\n<p>\u00a0<\/p>\n<p><strong>2. k\u00e9rd\u00e9s: Hogyan j\u00e1rul hozz\u00e1 az optikai f\u00e9ny az orvostechnik\u00e1hoz?<\/strong><\/p>\n<ul>\n<li>Az orvostudom\u00e1nyban az optikai f\u00e9nyt olyan diagnosztikai k\u00e9palkot\u00f3 elj\u00e1r\u00e1sokban haszn\u00e1lj\u00e1k, mint az endoszk\u00f3pia \u00e9s a fluoroszk\u00f3pia, amelyek lehet\u0151v\u00e9 teszik a bels\u0151 strukt\u00far\u00e1k pontos megjelen\u00edt\u00e9s\u00e9t. L\u00e9zeres m\u0171t\u00e9tekn\u00e9l is haszn\u00e1lj\u00e1k, amelyek jav\u00edtj\u00e1k a pontoss\u00e1got \u00e9s cs\u00f6kkentik a sz\u00f6vetk\u00e1rosod\u00e1st.<\/li>\n<\/ul>\n<p>\u00a0<\/p>\n<p><strong>3. k\u00e9rd\u00e9s: Melyek az optikai f\u00e9ny alkalmaz\u00e1sai a feldolgoz\u00f3iparban?<\/strong><\/p>\n<ul>\n<li>Az Opticlightot a l\u00e9zerv\u00e1g\u00e1s \u00e9s hegeszt\u00e9s sor\u00e1n haszn\u00e1lj\u00e1k, hogy nagy pontoss\u00e1got \u00e9rjenek el az anyagmegmunk\u00e1l\u00e1sban, jav\u00edtva a pontoss\u00e1got \u00e9s cs\u00f6kkentve a gy\u00e1rt\u00e1si k\u00f6lts\u00e9geket. A min\u0151s\u00e9gellen\u0151rz\u00e9si folyamatokban is alkalmazz\u00e1k ellen\u0151rz\u00e9sre \u00e9s m\u00e9r\u00e9sre.<\/li>\n<\/ul>\n<p>\u00a0<\/p>\n<p><strong>4. k\u00e9rd\u00e9s: Milyen j\u00f6v\u0151beli lehet\u0151s\u00e9geket rejt az optikai f\u00e9ny a technol\u00f3gi\u00e1ban?<\/strong><\/p>\n<ul>\n<li>A folyamatban l\u00e9v\u0151 kutat\u00e1sok az optikai f\u00e9ny kvantumsz\u00e1m\u00edt\u00e1sban val\u00f3 felhaszn\u00e1l\u00e1s\u00e1t vizsg\u00e1lj\u00e1k, ami forradalmas\u00edthatja a ter\u00fcletet, mivel gyorsabb \u00e9s \u00f6sszetettebb sz\u00e1m\u00edt\u00e1sokat tesz lehet\u0151v\u00e9, ami \u00e1tt\u00f6r\u00e9st hozhat a mesters\u00e9ges intelligencia \u00e9s az adatelemz\u00e9s ter\u00fclet\u00e9n.<\/li>\n<\/ul>\n<p>\u00a0<\/p>\n<p><strong>5. k\u00e9rd\u00e9s: Mi\u00e9rt fontos az optikai f\u00e9ny kutat\u00e1s\u00e1nak folytat\u00e1sa?<\/strong><\/p>\n<ul>\n<li>A folyamatos kutat\u00e1s elengedhetetlen az optikai f\u00e9nyben rejl\u0151 lehet\u0151s\u00e9gek teljes k\u00f6r\u0171 kiakn\u00e1z\u00e1s\u00e1hoz, ami jelent\u0151s el\u0151rel\u00e9p\u00e9sekhez vezethet a k\u00fcl\u00f6nb\u00f6z\u0151 ipar\u00e1gakban, jav\u00edtva a hat\u00e9konys\u00e1got, a biztons\u00e1got \u00e9s a technol\u00f3giai k\u00e9pess\u00e9geket.<\/li>\n<\/ul>","protected":false},"excerpt":{"rendered":"<p>Az optikai f\u00e9ny bemutat\u00e1sa Az optikai f\u00e9ny a kommunik\u00e1ci\u00f3 \u00e9s a technol\u00f3gia egyik sarokk\u00f6v\u00e9v\u00e9 v\u00e1lt, sz\u00e1mos alkalmaz\u00e1sban az innov\u00e1ci\u00f3 \u00e9s a hat\u00e9konys\u00e1g motorja. Az optikai f\u00e9ny hat\u00e1sa az adatok gyors, vil\u00e1gm\u00e9ret\u0171 tov\u00e1bb\u00edt\u00e1s\u00e1t\u00f3l kezdve az orvosi elj\u00e1r\u00e1sok \u00e9s gy\u00e1rt\u00e1si folyamatok forradalmas\u00edt\u00e1s\u00e1ig m\u00e9lyrehat\u00f3. Ez a cikk az optikai f\u00e9ny kritikus szerep\u00e9t vizsg\u00e1lja [...]","protected":false},"author":1,"featured_media":1965,"comment_status":"open","ping_status":"open","sticky":false,"template":"","format":"standard","meta":{"footnotes":""},"categories":[1],"tags":[],"_links":{"self":[{"href":"https:\/\/backlightmfg.com\/hu\/wp-json\/wp\/v2\/posts\/1962"}],"collection":[{"href":"https:\/\/backlightmfg.com\/hu\/wp-json\/wp\/v2\/posts"}],"about":[{"href":"https:\/\/backlightmfg.com\/hu\/wp-json\/wp\/v2\/types\/post"}],"author":[{"embeddable":true,"href":"https:\/\/backlightmfg.com\/hu\/wp-json\/wp\/v2\/users\/1"}],"replies":[{"embeddable":true,"href":"https:\/\/backlightmfg.com\/hu\/wp-json\/wp\/v2\/comments?post=1962"}],"version-history":[{"count":6,"href":"https:\/\/backlightmfg.com\/hu\/wp-json\/wp\/v2\/posts\/1962\/revisions"}],"predecessor-version":[{"id":1971,"href":"https:\/\/backlightmfg.com\/hu\/wp-json\/wp\/v2\/posts\/1962\/revisions\/1971"}],"wp:featuredmedia":[{"embeddable":true,"href":"https:\/\/backlightmfg.com\/hu\/wp-json\/wp\/v2\/media\/1965"}],"wp:attachment":[{"href":"https:\/\/backlightmfg.com\/hu\/wp-json\/wp\/v2\/media?parent=1962"}],"wp:term":[{"taxonomy":"category","embeddable":true,"href":"https:\/\/backlightmfg.com\/hu\/wp-json\/wp\/v2\/categories?post=1962"},{"taxonomy":"post_tag","embeddable":true,"href":"https:\/\/backlightmfg.com\/hu\/wp-json\/wp\/v2\/tags?post=1962"}],"curies":[{"name":"wp","href":"https:\/\/api.w.org\/{rel}","templated":true}]}}